{"id":339,"date":"2021-08-25T11:04:19","date_gmt":"2021-08-25T09:04:19","guid":{"rendered":"https:\/\/versoli.com\/blog\/?p=339"},"modified":"2021-08-28T11:16:25","modified_gmt":"2021-08-28T09:16:25","slug":"jaki-kapelusz-na-lato-co-aktualnie-jest-modne","status":"publish","type":"post","link":"https:\/\/versoli.com\/blog\/pl\/jaki-kapelusz-na-lato-co-aktualnie-jest-modne\/","title":{"rendered":"Jaki kapelusz na lato? Co aktualnie jest modne?"},"content":{"rendered":"<p>Kapelusze, te ma\u0142e i te du\u017ce, to jedne z ciekawszych dodatk\u00f3w do wiosennych oraz letnich stylizacji. Nie do\u015b\u0107, \u017ce ca\u0142ej stylizacji nadaj\u0105 charakteru, to jeszcze s\u0105 bardzo praktyczne &#8211; wszak w lecie, gdy gor\u0105co i bardzo s\u0142onecznie, trzeba zadba\u0107 o to, by mie\u0107 co\u015b na g\u0142owie. Jakie letnie kapelusze s\u0105 najmodniejsze w 2021 roku?<\/p>\n<h2>Moda na kapelusze. Jakie fasony zak\u0142adamy najcz\u0119\u015bciej?<\/h2>\n<p>Kapelusze jako dodatek s\u0105 dzi\u015b niezwykle popularne i ch\u0119tnie je nosz\u0105 nie tylko kobiety, ale r\u00f3wnie\u017c m\u0119\u017cczy\u017ani. Dzi\u0119ki kapeluszowi mo\u017cna zmieni\u0107 wyraz niemal ka\u017cdego outfitu, a proste stylizacje mo\u017cna nim bardzo ciekawie o\u017cywi\u0107 i sprawi\u0107, \u017ce wygl\u0105da\u0107 b\u0119d\u0105 ma\u0142o banalnie. Odpowiednie modele kapeluszy pozwalaj\u0105 w nich wygl\u0105da\u0107 albo bardzo elegancko i &#8222;wyj\u015bciowo&#8221; albo troch\u0119 nonszalancko, a nieraz i ekstrawagancko. Mo\u017cna wi\u0119c \u015bmia\u0142o powiedzie\u0107, \u017ce tym akcesorium wyrazi\u0107 mo\u017cna w du\u017cym stopniu swoj\u0105 osobowo\u015b\u0107.<\/p>\n<p>Kapelusze na lato kojarz\u0105 si\u0119 w pierwszej kolejno\u015bci oczywi\u015bcie z kapeluszami s\u0142omkowymi. To kapelusze \u015bwietne na pla\u017c\u0119, ale nie tylko. Wypoczywaj\u0105c nad morzem w bikini, najlepiej sprawdzi si\u0119 s\u0142omkowy kapelusz z szerokim rondem i jasnym odcieniu. Tego typu kapelusze s\u0105 zazwyczaj nadzwyczaj lekkie i idealnie wpasowuj\u0105 si\u0119 w pla\u017cowe outfity. Je\u015bli jednak marzy nam si\u0119 s\u0142omkowy kapelusz, ale w wydaniu miejskim, wybierzmy taki z mniejszym rondem. Dobrze w mie\u015bcie i na turystycznych promenadach prezentowa\u0107 si\u0119 b\u0119d\u0105 s\u0142omkowe kapelusze w stylu fedora. Cho\u0107 model ten jest najcz\u0119\u015bciej kojarzony z filcowym wyko\u0144czeniem, to jego letnia wersja jest dost\u0119pna w\u0142a\u015bnie w wersji wyplatanej. Kapelusz tego typu nosi\u0142 w filmach chocia\u017cby s\u0142ynny bohater &#8211; Indiana Jones. Wybieraj\u0105c kapelusz na lato, warto wybiera\u0107 te jak najja\u015bniejsze. W jasnych kapeluszach jest mniej gor\u0105co, poniewa\u017c odbijaj\u0105 one \u015bwiat\u0142o w por\u00f3wnaniu z kapeluszami ciemnymi &#8211; np. czarnymi czy granatowymi.<\/p>\n<h2>Modele kapeluszy r\u00f3wnie\u017c modne i lubiane<\/h2>\n<p>Nie tylko s\u0142omkowe kapelusze z szerokimi rondami czy s\u0142omkowe fedory s\u0105 dobrym wyborem na lato. Innym ciekawym kapeluszem, kt\u00f3ry mo\u017cna kupi\u0107 w wersji letniej jest model trilby. Jest to kapelusz bardzo podobny do fedory, ma jednak nieco mniejsze rondo. Ma charakterystyczny kszta\u0142t &#8211; z przodu opada ku do\u0142owi, a z ty\u0142u zawini\u0119ty jest do g\u00f3ry. B\u0119dzie idealny na wyj\u015bcie wieczorem na drinka &#8211; mo\u017cna go np. zestawi\u0107 z szortami i letni\u0105 koszul\u0105.<\/p>\n<p>Letnim kapeluszem mo\u017ce by\u0107 r\u00f3wnie\u017c s\u0142ynny canotier, czyli s\u0142omkowy kapelusz z p\u0142ask\u0105 g\u0142\u00f3wk\u0105, niedu\u017cym rondem i ozdobiony cz\u0119sto aksamitn\u0105 wst\u0105\u017ck\u0105. Pi\u0119knie pasuje i do bia\u0142ego t &#8211; shirta i do zwiewnej, letniej sukienki. Typowo letnim kapeluszem jest tak\u017ce model pochodz\u0105cy z Ekwadoru o nazwie panama &#8211; kapelusze te wyrabia si\u0119 w 100% r\u0119cznie. Z kolei, je\u015bli lubimy typowo nowoczesne kapelusze, w naszej garderobie znale\u017a\u0107 powinny si\u0119 ciekawe czapki z daszkiem, tradycyjne bejsbol\u00f3wki czy kapelusze bucket hat.<\/p>\n","protected":false},"excerpt":{"rendered":"<p>Kapelusze, te ma\u0142e i te du\u017ce, to jedne z ciekawszych dodatk\u00f3w do wiosennych oraz letnich stylizacji&#8230;.<\/p>\n","protected":false},"author":1,"featured_media":340,"comment_status":"open","ping_status":"open","sticky":false,"template":"","format":"standard","meta":{"_kadence_starter_templates_imported_post":false,"_kad_post_transparent":"","_kad_post_title":"","_kad_post_layout":"","_kad_post_sidebar_id":"","_kad_post_content_style":"","_kad_post_vertical_padding":"","_kad_post_feature":"","_kad_post_feature_position":"","_kad_post_header":false,"_kad_post_footer":false,"_kad_post_classname":"","footnotes":""},"categories":[3],"tags":[],"class_list":["post-339","post","type-post","status-publish","format-standard","has-post-thumbnail","hentry","category-kapelusze-i-czapki"],"yoast_head":"<!-- This site is optimized with the Yoast SEO plugin v26.4 - https:\/\/yoast.com\/wordpress\/plugins\/seo\/ -->\n<title>Jaki kapelusz na lato? Co aktualnie jest modne? - Blog Versoli.pl<\/title>\n<meta name=\"robots\" content=\"index, follow, max-snippet:-1, max-image-preview:large, max-video-preview:-1\" \/>\n<link rel=\"canonical\" href=\"https:\/\/versoli.com\/blog\/pl\/jaki-kapelusz-na-lato-co-aktualnie-jest-modne\/\" \/>\n<meta property=\"og:locale\" content=\"pl_PL\" \/>\n<meta property=\"og:type\" content=\"article\" \/>\n<meta property=\"og:title\" content=\"Jaki kapelusz na lato? Co aktualnie jest modne? - Blog Versoli.pl\" \/>\n<meta property=\"og:description\" content=\"Kapelusze, te ma\u0142e i te du\u017ce, to jedne z ciekawszych dodatk\u00f3w do wiosennych oraz letnich stylizacji....\" \/>\n<meta property=\"og:url\" content=\"https:\/\/versoli.com\/blog\/pl\/jaki-kapelusz-na-lato-co-aktualnie-jest-modne\/\" \/>\n<meta property=\"og:site_name\" content=\"Blog Versoli.pl\" \/>\n<meta property=\"article:published_time\" content=\"2021-08-25T09:04:19+00:00\" \/>\n<meta property=\"article:modified_time\" content=\"2021-08-28T09:16:25+00:00\" \/>\n<meta property=\"og:image\" content=\"https:\/\/versoli.com\/blog\/wp-content\/uploads\/2021\/08\/Jaki-kapelusz-na-lato.jpg\" \/>\n\t<meta property=\"og:image:width\" content=\"898\" \/>\n\t<meta property=\"og:image:height\" content=\"766\" \/>\n\t<meta property=\"og:image:type\" content=\"image\/jpeg\" \/>\n<meta name=\"author\" content=\"Versoli\" \/>\n<meta name=\"twitter:card\" content=\"summary_large_image\" \/>\n<meta name=\"twitter:label1\" content=\"Napisane przez\" \/>\n\t<meta name=\"twitter:data1\" content=\"Versoli\" \/>\n\t<meta name=\"twitter:label2\" content=\"Szacowany czas czytania\" \/>\n\t<meta name=\"twitter:data2\" content=\"3 minuty\" \/>\n<script type=\"application\/ld+json\" class=\"yoast-schema-graph\">{\"@context\":\"https:\/\/schema.org\",\"@graph\":[{\"@type\":\"Article\",\"@id\":\"https:\/\/versoli.com\/blog\/pl\/jaki-kapelusz-na-lato-co-aktualnie-jest-modne\/#article\",\"isPartOf\":{\"@id\":\"https:\/\/versoli.com\/blog\/pl\/jaki-kapelusz-na-lato-co-aktualnie-jest-modne\/\"},\"author\":{\"name\":\"Versoli\",\"@id\":\"https:\/\/versoli.com\/blog\/#\/schema\/person\/d33ddc12aaf34ffa2d75a826ba38a2f4\"},\"headline\":\"Jaki kapelusz na lato? Co aktualnie jest modne?\",\"datePublished\":\"2021-08-25T09:04:19+00:00\",\"dateModified\":\"2021-08-28T09:16:25+00:00\",\"mainEntityOfPage\":{\"@id\":\"https:\/\/versoli.com\/blog\/pl\/jaki-kapelusz-na-lato-co-aktualnie-jest-modne\/\"},\"wordCount\":515,\"commentCount\":0,\"publisher\":{\"@id\":\"https:\/\/versoli.com\/blog\/#organization\"},\"image\":{\"@id\":\"https:\/\/versoli.com\/blog\/pl\/jaki-kapelusz-na-lato-co-aktualnie-jest-modne\/#primaryimage\"},\"thumbnailUrl\":\"https:\/\/versoli.com\/blog\/wp-content\/uploads\/2021\/08\/Jaki-kapelusz-na-lato.jpg\",\"articleSection\":[\"Kapelusze i czapki\"],\"inLanguage\":\"pl-PL\",\"potentialAction\":[{\"@type\":\"CommentAction\",\"name\":\"Comment\",\"target\":[\"https:\/\/versoli.com\/blog\/pl\/jaki-kapelusz-na-lato-co-aktualnie-jest-modne\/#respond\"]}]},{\"@type\":\"WebPage\",\"@id\":\"https:\/\/versoli.com\/blog\/pl\/jaki-kapelusz-na-lato-co-aktualnie-jest-modne\/\",\"url\":\"https:\/\/versoli.com\/blog\/pl\/jaki-kapelusz-na-lato-co-aktualnie-jest-modne\/\",\"name\":\"Jaki kapelusz na lato? Co aktualnie jest modne? - Blog Versoli.pl\",\"isPartOf\":{\"@id\":\"https:\/\/versoli.com\/blog\/#website\"},\"primaryImageOfPage\":{\"@id\":\"https:\/\/versoli.com\/blog\/pl\/jaki-kapelusz-na-lato-co-aktualnie-jest-modne\/#primaryimage\"},\"image\":{\"@id\":\"https:\/\/versoli.com\/blog\/pl\/jaki-kapelusz-na-lato-co-aktualnie-jest-modne\/#primaryimage\"},\"thumbnailUrl\":\"https:\/\/versoli.com\/blog\/wp-content\/uploads\/2021\/08\/Jaki-kapelusz-na-lato.jpg\",\"datePublished\":\"2021-08-25T09:04:19+00:00\",\"dateModified\":\"2021-08-28T09:16:25+00:00\",\"breadcrumb\":{\"@id\":\"https:\/\/versoli.com\/blog\/pl\/jaki-kapelusz-na-lato-co-aktualnie-jest-modne\/#breadcrumb\"},\"inLanguage\":\"pl-PL\",\"potentialAction\":[{\"@type\":\"ReadAction\",\"target\":[\"https:\/\/versoli.com\/blog\/pl\/jaki-kapelusz-na-lato-co-aktualnie-jest-modne\/\"]}]},{\"@type\":\"ImageObject\",\"inLanguage\":\"pl-PL\",\"@id\":\"https:\/\/versoli.com\/blog\/pl\/jaki-kapelusz-na-lato-co-aktualnie-jest-modne\/#primaryimage\",\"url\":\"https:\/\/versoli.com\/blog\/wp-content\/uploads\/2021\/08\/Jaki-kapelusz-na-lato.jpg\",\"contentUrl\":\"https:\/\/versoli.com\/blog\/wp-content\/uploads\/2021\/08\/Jaki-kapelusz-na-lato.jpg\",\"width\":898,\"height\":766,\"caption\":\"Jaki kapelusz na lato\"},{\"@type\":\"BreadcrumbList\",\"@id\":\"https:\/\/versoli.com\/blog\/pl\/jaki-kapelusz-na-lato-co-aktualnie-jest-modne\/#breadcrumb\",\"itemListElement\":[{\"@type\":\"ListItem\",\"position\":1,\"name\":\"Strona g\u0142\u00f3wna\",\"item\":\"https:\/\/versoli.com\/blog\/\"},{\"@type\":\"ListItem\",\"position\":2,\"name\":\"Jaki kapelusz na lato? Co aktualnie jest modne?\"}]},{\"@type\":\"WebSite\",\"@id\":\"https:\/\/versoli.com\/blog\/#website\",\"url\":\"https:\/\/versoli.com\/blog\/\",\"name\":\"Blog Versoli.pl\",\"description\":\"\",\"publisher\":{\"@id\":\"https:\/\/versoli.com\/blog\/#organization\"},\"potentialAction\":[{\"@type\":\"SearchAction\",\"target\":{\"@type\":\"EntryPoint\",\"urlTemplate\":\"https:\/\/versoli.com\/blog\/?s={search_term_string}\"},\"query-input\":{\"@type\":\"PropertyValueSpecification\",\"valueRequired\":true,\"valueName\":\"search_term_string\"}}],\"inLanguage\":\"pl-PL\"},{\"@type\":\"Organization\",\"@id\":\"https:\/\/versoli.com\/blog\/#organization\",\"name\":\"Blog Versoli.pl\",\"url\":\"https:\/\/versoli.com\/blog\/\",\"logo\":{\"@type\":\"ImageObject\",\"inLanguage\":\"pl-PL\",\"@id\":\"https:\/\/versoli.com\/blog\/#\/schema\/logo\/image\/\",\"url\":\"https:\/\/versoli.com\/blog\/wp-content\/uploads\/2019\/12\/logo_versoli.jpg\",\"contentUrl\":\"https:\/\/versoli.com\/blog\/wp-content\/uploads\/2019\/12\/logo_versoli.jpg\",\"width\":158,\"height\":40,\"caption\":\"Blog Versoli.pl\"},\"image\":{\"@id\":\"https:\/\/versoli.com\/blog\/#\/schema\/logo\/image\/\"}},{\"@type\":\"Person\",\"@id\":\"https:\/\/versoli.com\/blog\/#\/schema\/person\/d33ddc12aaf34ffa2d75a826ba38a2f4\",\"name\":\"Versoli\",\"image\":{\"@type\":\"ImageObject\",\"inLanguage\":\"pl-PL\",\"@id\":\"https:\/\/versoli.com\/blog\/#\/schema\/person\/image\/\",\"url\":\"https:\/\/secure.gravatar.com\/avatar\/b85bf8e8305abe4939eca048ab3edfd4ad9a4442f41621c0bc9f7d71ba690174?s=96&d=mm&r=g\",\"contentUrl\":\"https:\/\/secure.gravatar.com\/avatar\/b85bf8e8305abe4939eca048ab3edfd4ad9a4442f41621c0bc9f7d71ba690174?s=96&d=mm&r=g\",\"caption\":\"Versoli\"}}]}<\/script>\n<!-- \/ Yoast SEO plugin. -->","yoast_head_json":{"title":"Jaki kapelusz na lato? Co aktualnie jest modne? - Blog Versoli.pl","robots":{"index":"index","follow":"follow","max-snippet":"max-snippet:-1","max-image-preview":"max-image-preview:large","max-video-preview":"max-video-preview:-1"},"canonical":"https:\/\/versoli.com\/blog\/pl\/jaki-kapelusz-na-lato-co-aktualnie-jest-modne\/","og_locale":"pl_PL","og_type":"article","og_title":"Jaki kapelusz na lato? Co aktualnie jest modne? - Blog Versoli.pl","og_description":"Kapelusze, te ma\u0142e i te du\u017ce, to jedne z ciekawszych dodatk\u00f3w do wiosennych oraz letnich stylizacji....","og_url":"https:\/\/versoli.com\/blog\/pl\/jaki-kapelusz-na-lato-co-aktualnie-jest-modne\/","og_site_name":"Blog Versoli.pl","article_published_time":"2021-08-25T09:04:19+00:00","article_modified_time":"2021-08-28T09:16:25+00:00","og_image":[{"width":898,"height":766,"url":"https:\/\/versoli.com\/blog\/wp-content\/uploads\/2021\/08\/Jaki-kapelusz-na-lato.jpg","type":"image\/jpeg"}],"author":"Versoli","twitter_card":"summary_large_image","twitter_misc":{"Napisane przez":"Versoli","Szacowany czas czytania":"3 minuty"},"schema":{"@context":"https:\/\/schema.org","@graph":[{"@type":"Article","@id":"https:\/\/versoli.com\/blog\/pl\/jaki-kapelusz-na-lato-co-aktualnie-jest-modne\/#article","isPartOf":{"@id":"https:\/\/versoli.com\/blog\/pl\/jaki-kapelusz-na-lato-co-aktualnie-jest-modne\/"},"author":{"name":"Versoli","@id":"https:\/\/versoli.com\/blog\/#\/schema\/person\/d33ddc12aaf34ffa2d75a826ba38a2f4"},"headline":"Jaki kapelusz na lato? Co aktualnie jest modne?","datePublished":"2021-08-25T09:04:19+00:00","dateModified":"2021-08-28T09:16:25+00:00","mainEntityOfPage":{"@id":"https:\/\/versoli.com\/blog\/pl\/jaki-kapelusz-na-lato-co-aktualnie-jest-modne\/"},"wordCount":515,"commentCount":0,"publisher":{"@id":"https:\/\/versoli.com\/blog\/#organization"},"image":{"@id":"https:\/\/versoli.com\/blog\/pl\/jaki-kapelusz-na-lato-co-aktualnie-jest-modne\/#primaryimage"},"thumbnailUrl":"https:\/\/versoli.com\/blog\/wp-content\/uploads\/2021\/08\/Jaki-kapelusz-na-lato.jpg","articleSection":["Kapelusze i czapki"],"inLanguage":"pl-PL","potentialAction":[{"@type":"CommentAction","name":"Comment","target":["https:\/\/versoli.com\/blog\/pl\/jaki-kapelusz-na-lato-co-aktualnie-jest-modne\/#respond"]}]},{"@type":"WebPage","@id":"https:\/\/versoli.com\/blog\/pl\/jaki-kapelusz-na-lato-co-aktualnie-jest-modne\/","url":"https:\/\/versoli.com\/blog\/pl\/jaki-kapelusz-na-lato-co-aktualnie-jest-modne\/","name":"Jaki kapelusz na lato? Co aktualnie jest modne? - Blog Versoli.pl","isPartOf":{"@id":"https:\/\/versoli.com\/blog\/#website"},"primaryImageOfPage":{"@id":"https:\/\/versoli.com\/blog\/pl\/jaki-kapelusz-na-lato-co-aktualnie-jest-modne\/#primaryimage"},"image":{"@id":"https:\/\/versoli.com\/blog\/pl\/jaki-kapelusz-na-lato-co-aktualnie-jest-modne\/#primaryimage"},"thumbnailUrl":"https:\/\/versoli.com\/blog\/wp-content\/uploads\/2021\/08\/Jaki-kapelusz-na-lato.jpg","datePublished":"2021-08-25T09:04:19+00:00","dateModified":"2021-08-28T09:16:25+00:00","breadcrumb":{"@id":"https:\/\/versoli.com\/blog\/pl\/jaki-kapelusz-na-lato-co-aktualnie-jest-modne\/#breadcrumb"},"inLanguage":"pl-PL","potentialAction":[{"@type":"ReadAction","target":["https:\/\/versoli.com\/blog\/pl\/jaki-kapelusz-na-lato-co-aktualnie-jest-modne\/"]}]},{"@type":"ImageObject","inLanguage":"pl-PL","@id":"https:\/\/versoli.com\/blog\/pl\/jaki-kapelusz-na-lato-co-aktualnie-jest-modne\/#primaryimage","url":"https:\/\/versoli.com\/blog\/wp-content\/uploads\/2021\/08\/Jaki-kapelusz-na-lato.jpg","contentUrl":"https:\/\/versoli.com\/blog\/wp-content\/uploads\/2021\/08\/Jaki-kapelusz-na-lato.jpg","width":898,"height":766,"caption":"Jaki kapelusz na lato"},{"@type":"BreadcrumbList","@id":"https:\/\/versoli.com\/blog\/pl\/jaki-kapelusz-na-lato-co-aktualnie-jest-modne\/#breadcrumb","itemListElement":[{"@type":"ListItem","position":1,"name":"Strona g\u0142\u00f3wna","item":"https:\/\/versoli.com\/blog\/"},{"@type":"ListItem","position":2,"name":"Jaki kapelusz na lato? Co aktualnie jest modne?"}]},{"@type":"WebSite","@id":"https:\/\/versoli.com\/blog\/#website","url":"https:\/\/versoli.com\/blog\/","name":"Blog Versoli.pl","description":"","publisher":{"@id":"https:\/\/versoli.com\/blog\/#organization"},"potentialAction":[{"@type":"SearchAction","target":{"@type":"EntryPoint","urlTemplate":"https:\/\/versoli.com\/blog\/?s={search_term_string}"},"query-input":{"@type":"PropertyValueSpecification","valueRequired":true,"valueName":"search_term_string"}}],"inLanguage":"pl-PL"},{"@type":"Organization","@id":"https:\/\/versoli.com\/blog\/#organization","name":"Blog Versoli.pl","url":"https:\/\/versoli.com\/blog\/","logo":{"@type":"ImageObject","inLanguage":"pl-PL","@id":"https:\/\/versoli.com\/blog\/#\/schema\/logo\/image\/","url":"https:\/\/versoli.com\/blog\/wp-content\/uploads\/2019\/12\/logo_versoli.jpg","contentUrl":"https:\/\/versoli.com\/blog\/wp-content\/uploads\/2019\/12\/logo_versoli.jpg","width":158,"height":40,"caption":"Blog Versoli.pl"},"image":{"@id":"https:\/\/versoli.com\/blog\/#\/schema\/logo\/image\/"}},{"@type":"Person","@id":"https:\/\/versoli.com\/blog\/#\/schema\/person\/d33ddc12aaf34ffa2d75a826ba38a2f4","name":"Versoli","image":{"@type":"ImageObject","inLanguage":"pl-PL","@id":"https:\/\/versoli.com\/blog\/#\/schema\/person\/image\/","url":"https:\/\/secure.gravatar.com\/avatar\/b85bf8e8305abe4939eca048ab3edfd4ad9a4442f41621c0bc9f7d71ba690174?s=96&d=mm&r=g","contentUrl":"https:\/\/secure.gravatar.com\/avatar\/b85bf8e8305abe4939eca048ab3edfd4ad9a4442f41621c0bc9f7d71ba690174?s=96&d=mm&r=g","caption":"Versoli"}}]}},"_links":{"self":[{"href":"https:\/\/versoli.com\/blog\/wp-json\/wp\/v2\/posts\/339","targetHints":{"allow":["GET"]}}],"collection":[{"href":"https:\/\/versoli.com\/blog\/wp-json\/wp\/v2\/posts"}],"about":[{"href":"https:\/\/versoli.com\/blog\/wp-json\/wp\/v2\/types\/post"}],"author":[{"embeddable":true,"href":"https:\/\/versoli.com\/blog\/wp-json\/wp\/v2\/users\/1"}],"replies":[{"embeddable":true,"href":"https:\/\/versoli.com\/blog\/wp-json\/wp\/v2\/comments?post=339"}],"version-history":[{"count":1,"href":"https:\/\/versoli.com\/blog\/wp-json\/wp\/v2\/posts\/339\/revisions"}],"predecessor-version":[{"id":341,"href":"https:\/\/versoli.com\/blog\/wp-json\/wp\/v2\/posts\/339\/revisions\/341"}],"wp:featuredmedia":[{"embeddable":true,"href":"https:\/\/versoli.com\/blog\/wp-json\/wp\/v2\/media\/340"}],"wp:attachment":[{"href":"https:\/\/versoli.com\/blog\/wp-json\/wp\/v2\/media?parent=339"}],"wp:term":[{"taxonomy":"category","embeddable":true,"href":"https:\/\/versoli.com\/blog\/wp-json\/wp\/v2\/categories?post=339"},{"taxonomy":"post_tag","embeddable":true,"href":"https:\/\/versoli.com\/blog\/wp-json\/wp\/v2\/tags?post=339"}],"curies":[{"name":"wp","href":"https:\/\/api.w.org\/{rel}","templated":true}]}}