{"id":1367,"date":"2024-09-14T21:18:48","date_gmt":"2024-09-14T19:18:48","guid":{"rendered":"https:\/\/versoli.com\/blog\/?p=1367"},"modified":"2024-09-14T21:18:48","modified_gmt":"2024-09-14T19:18:48","slug":"jak-nosic-szalik-do-kurtki-z-kapturem","status":"publish","type":"post","link":"https:\/\/versoli.com\/blog\/pl\/jak-nosic-szalik-do-kurtki-z-kapturem\/","title":{"rendered":"Jak nosi\u0107 szalik do kurtki z kapturem?"},"content":{"rendered":"\n<p><strong>Zastanawiasz si\u0119, jak stylowo po\u0142\u0105czy\u0107 szalik z kurtk\u0105 z kapturem? Odkryj najnowsze trendy i praktyczne porady, kt\u00f3re pomog\u0105 Ci stworzy\u0107 modne i funkcjonalne zimowe stylizacje. W tym obszernym przewodniku znajdziesz wszystko, co musisz wiedzie\u0107 o noszeniu szalika do kurtki z kapturem &#8211; od doboru odpowiednich materia\u0142\u00f3w po zaawansowane techniki wi\u0105zania.<\/strong><\/p>\n\n\n\n<h2 class=\"wp-block-heading\"><strong>Dlaczego warto nosi\u0107 szalik do kurtki z kapturem?<\/strong><\/h2>\n\n\n\n<p>Noszenie szalika do kurtki z kapturem to nie tylko kwestia mody, ale przede wszystkim praktyczno\u015bci. <strong>Szalik zapewnia dodatkow\u0105 ochron\u0119 przed zimnem i wiatrem, uzupe\u0142niaj\u0105c funkcj\u0119 kaptura.<\/strong> Ponadto, umiej\u0119tnie dobrany i zawi\u0105zany szalik mo\u017ce znacz\u0105co podnie\u015b\u0107 walory estetyczne Twojej zimowej stylizacji.<\/p>\n\n\n\n<p>Warto pami\u0119ta\u0107, \u017ce szalik to nie tylko element garderoby chroni\u0105cy przed ch\u0142odem. To r\u00f3wnie\u017c akcesoria, kt\u00f3re mo\u017ce:<\/p>\n\n\n\n<ul class=\"wp-block-list\">\n<li>Doda\u0107 koloru do monochromatycznej zimowej stylizacji<\/li>\n\n\n\n<li>Podkre\u015bli\u0107 Tw\u00f3j indywidualny styl<\/li>\n\n\n\n<li>S\u0142u\u017cy\u0107 jako statement piece, przyci\u0105gaj\u0105cy uwag\u0119<\/li>\n\n\n\n<li>By\u0107 praktycznym dodatkiem, kt\u00f3ry mo\u017cna \u0142atwo zdj\u0105\u0107 lub za\u0142o\u017cy\u0107 w zale\u017cno\u015bci od temperatury<\/li>\n<\/ul>\n\n\n\n<h2 class=\"wp-block-heading\"><strong>Jak dobra\u0107 odpowiedni szalik do kurtki z kapturem?<\/strong><\/h2>\n\n\n\n<p>Wyb\u00f3r odpowiedniego szalika do kurtki z kapturem to klucz do stworzenia sp\u00f3jnej i stylowej zimowej stylizacji. <strong>Przy doborze szalika warto zwr\u00f3ci\u0107 uwag\u0119 na kilka kluczowych aspekt\u00f3w:<\/strong><\/p>\n\n\n\n<h3 class=\"wp-block-heading\"><strong>Materia\u0142 szalika<\/strong><\/h3>\n\n\n\n<p>Materia\u0142 szalika powinien by\u0107 dostosowany do materia\u0142u kurtki oraz warunk\u00f3w pogodowych. Oto kilka popularnych opcji:<\/p>\n\n\n\n<figure class=\"wp-block-table\"><table class=\"has-fixed-layout\"><tbody><tr><td><strong>Materia\u0142<\/strong><\/td><td><strong>Zalety<\/strong><\/td><td><strong>Idealne do<\/strong><\/td><\/tr><tr><td><a href=\"https:\/\/versoli.com\/blog\/welna\/\">We\u0142na<\/a><\/td><td>Ciep\u0142a, naturalna, oddychaj\u0105ca<\/td><td>Zimowych, codziennych stylizacji<\/td><\/tr><tr><td><a href=\"https:\/\/versoli.com\/blog\/kaszmir\/\">Kaszmir<\/a><\/td><td>Luksusowy, bardzo ciep\u0142y, mi\u0119kki<\/td><td>Eleganckich, wieczorowych stylizacji<\/td><\/tr><tr><td>Akryl<\/td><td>Tani, \u0142atwy w piel\u0119gnacji<\/td><td>Codziennych, casualowych stylizacji<\/td><\/tr><tr><td>Polar<\/td><td>Ciep\u0142y, lekki, szybkoschn\u0105cy<\/td><td>Sportowych, outdoorowych stylizacji<\/td><\/tr><\/tbody><\/table><\/figure>\n\n\n\n<h3 class=\"wp-block-heading\"><strong>Kolor i wz\u00f3r szalika<\/strong><\/h3>\n\n\n\n<p>Dob\u00f3r koloru i wzoru szalika zale\u017cy od Twojego osobistego stylu oraz koloru kurtki. <em>Oto kilka wskaz\u00f3wek:<\/em><\/p>\n\n\n\n<ul class=\"wp-block-list\">\n<li>Do jednokolorowej kurtki wybierz szalik we wzory lub w kontrastowym kolorze<\/li>\n\n\n\n<li>Do wzorzystej kurtki lepiej pasowa\u0107 b\u0119dzie jednolity szalik<\/li>\n\n\n\n<li>Szalik w neutralnym kolorze (czarny, szary, be\u017cowy) b\u0119dzie pasowa\u0142 do wi\u0119kszo\u015bci kurtek<\/li>\n\n\n\n<li>Odwa\u017cne kolory i wzory mog\u0105 o\u017cywi\u0107 zimow\u0105 stylizacj\u0119<\/li>\n<\/ul>\n\n\n\n<h2 class=\"wp-block-heading\"><strong>Techniki wi\u0105zania szalika do kurtki z kapturem<\/strong><\/h2>\n\n\n\n<p>Spos\u00f3b, w jaki zawi\u0105\u017cesz szalik, mo\u017ce ca\u0142kowicie odmieni\u0107 Twoj\u0105 stylizacj\u0119. <strong>Oto kilka popularnych technik wi\u0105zania szalika do kurtki z kapturem:<\/strong><\/p>\n\n\n\n<h3 class=\"wp-block-heading\"><strong>Klasyczny w\u0119ze\u0142<\/strong><\/h3>\n\n\n\n<p>To najprostszy i najbardziej uniwersalny spos\u00f3b noszenia szalika. Oto jak go wykona\u0107:<\/p>\n\n\n\n<ol class=\"wp-block-list\">\n<li>Prze\u0142\u00f3\u017c szalik przez szyj\u0119, zostawiaj\u0105c r\u00f3wne ko\u0144ce z przodu<\/li>\n\n\n\n<li>We\u017a jeden koniec szalika i prze\u0142\u00f3\u017c go pod drugim ko\u0144cem<\/li>\n\n\n\n<li>Przeci\u0105gnij go przez powsta\u0142\u0105 p\u0119tl\u0119<\/li>\n\n\n\n<li>Dostosuj ciasno\u015b\u0107 w\u0119z\u0142a do swoich preferencji<\/li>\n<\/ol>\n\n\n\n<h3 class=\"wp-block-heading\"><strong>Lu\u017any szal<\/strong><\/h3>\n\n\n\n<p>Ta technika jest idealna do grubszych, d\u0142u\u017cszych szalik\u00f3w. <em>Sprawdzi si\u0119 \u015bwietnie w po\u0142\u0105czeniu z oversizow\u0105 kurtk\u0105 z kapturem.<\/em> Wystarczy swobodnie zarzuci\u0107 szalik na szyj\u0119, pozwalaj\u0105c ko\u0144com swobodnie zwisa\u0107.<\/p>\n\n\n\n<h2 class=\"wp-block-heading\"><strong>Jak \u0142\u0105czy\u0107 szalik z r\u00f3\u017cnymi stylami kurtek z kapturem?<\/strong><\/h2>\n\n\n\n<p>R\u00f3\u017cne style kurtek z kapturem wymagaj\u0105 r\u00f3\u017cnego podej\u015bcia do noszenia szalika. <strong>Oto kilka propozycji:<\/strong><\/p>\n\n\n\n<h3 class=\"wp-block-heading\"><strong>Sportowa kurtka z kapturem<\/strong><\/h3>\n\n\n\n<p>Do sportowej kurtki najlepiej pasowa\u0107 b\u0119dzie lekki, funkcjonalny szalik. Mo\u017cesz go lu\u017ano zarzuci\u0107 na szyj\u0119 lub zawi\u0105za\u0107 klasycznym w\u0119z\u0142em. Unikaj zbyt eleganckich lub masywnych szalik\u00f3w, kt\u00f3re mog\u0142yby zaburzy\u0107 sportowy charakter stylizacji.<\/p>\n\n\n\n<h3 class=\"wp-block-heading\"><strong>Elegancka kurtka z kapturem<\/strong><\/h3>\n\n\n\n<p>W przypadku eleganckiej kurtki z kapturem, postaw na szalik z wysokiej jako\u015bci materia\u0142u, np. kaszmiru lub we\u0142ny merino. Mo\u017cesz go zawi\u0105za\u0107 w bardziej wyrafinowany spos\u00f3b, np. metod\u0105 parysk\u0105 lub w formie ascot. Pami\u0119taj, \u017ce szalik powinien podkre\u015bla\u0107 elegancki charakter kurtki, a nie konkurowa\u0107 z ni\u0105.<\/p>\n\n\n\n<h2 class=\"wp-block-heading\"><strong>Najcz\u0119stsze b\u0142\u0119dy przy noszeniu szalika do kurtki z kapturem<\/strong><\/h2>\n\n\n\n<p>Aby Twoja stylizacja wygl\u0105da\u0142a perfekcyjnie, unikaj tych najcz\u0119stszych b\u0142\u0119d\u00f3w:<\/p>\n\n\n\n<ul class=\"wp-block-list\">\n<li>Noszenie zbyt ci\u0119\u017ckiego szalika do lekkiej kurtki (i odwrotnie)<\/li>\n\n\n\n<li>Wybieranie szalika, kt\u00f3ry kolorystycznie &#8222;gryzie si\u0119&#8221; z kurtk\u0105<\/li>\n\n\n\n<li>Zawi\u0105zywanie szalika zbyt ciasno, co mo\u017ce powodowa\u0107 dyskomfort<\/li>\n\n\n\n<li>Noszenie szalika w niedba\u0142y spos\u00f3b, np. z wystaj\u0105cymi ko\u0144c\u00f3wkami<\/li>\n\n\n\n<li>Ignorowanie zasad piel\u0119gnacji szalika, co mo\u017ce prowadzi\u0107 do jego zniszczenia<\/li>\n<\/ul>\n\n\n\n<h2 class=\"wp-block-heading\"><strong>Piel\u0119gnacja szalika &#8211; jak przed\u0142u\u017cy\u0107 jego \u017cywotno\u015b\u0107?<\/strong><\/h2>\n\n\n\n<p><strong>Odpowiednia piel\u0119gnacja szalika jest kluczowa dla zachowania jego wygl\u0105du i w\u0142a\u015bciwo\u015bci.<\/strong> Oto kilka wskaz\u00f3wek:<\/p>\n\n\n\n<figure class=\"wp-block-table\"><table class=\"has-fixed-layout\"><tbody><tr><td><strong>Materia\u0142<\/strong><\/td><td><strong>Spos\u00f3b piel\u0119gnacji<\/strong><\/td><\/tr><tr><td><a href=\"https:\/\/versoli.com\/blog\/welna\/\">We\u0142na<\/a><\/td><td>Pra\u0107 r\u0119cznie w zimnej wodzie, suszy\u0107 na p\u0142asko<\/td><\/tr><tr><td><a href=\"https:\/\/versoli.com\/blog\/kaszmir\/\">Kaszmir<\/a><\/td><td>Pra\u0107 r\u0119cznie w specjalnym szamponie do kaszmiru, suszy\u0107 na p\u0142asko<\/td><\/tr><tr><td>Akryl<\/td><td>Mo\u017cna pra\u0107 w pralce w niskiej temperaturze<\/td><\/tr><tr><td>Polar<\/td><td>Pra\u0107 w pralce w zimnej wodzie, unika\u0107 p\u0142yn\u00f3w do zmi\u0119kczania tkanin<\/td><\/tr><\/tbody><\/table><\/figure>\n\n\n\n<p>Pami\u0119taj, aby zawsze sprawdza\u0107 metki z instrukcj\u0105 prania przed czyszczeniem szalika.<\/p>\n\n\n\n<h2 class=\"wp-block-heading\"><strong>Podsumowanie<\/strong><\/h2>\n\n\n\n<p>Noszenie szalika do kurtki z kapturem to \u015bwietny spos\u00f3b na podniesienie funkcjonalno\u015bci i stylu Twojej zimowej garderoby. Pami\u0119taj o doborze odpowiedniego materia\u0142u, koloru i wzoru szalika, a tak\u017ce o prawid\u0142owych technikach wi\u0105zania i piel\u0119gnacji. <strong>Eksperymentuj z r\u00f3\u017cnymi stylami i nie b\u00f3j si\u0119 wyra\u017ca\u0107 swojej osobowo\u015bci poprzez ten wszechstronny dodatek!<\/strong><\/p>\n\n\n\n<p>Je\u015bli szukasz inspiracji i wysokiej jako\u015bci szalik\u00f3w w atrakcyjnych cenach, koniecznie sprawd\u017a asortyment hurtowni Versoli. Znajdziesz tam szeroki wyb\u00f3r szalik\u00f3w damskich i m\u0119skich, idealnych do noszenia z kurtk\u0105 z kapturem. Co wi\u0119cej, zam\u00f3wienie ju\u017c od 200z\u0142! Odwied\u017a <a href=\"https:\/\/versoli.pl\/pl\/3-szaliki\">stron\u0119 z szalikami Versoli<\/a> i odkryj sw\u00f3j idealny zimowy dodatek ju\u017c dzi\u015b!<\/p>\n","protected":false},"excerpt":{"rendered":"<p>Zastanawiasz si\u0119, jak stylowo po\u0142\u0105czy\u0107 szalik z kurtk\u0105 z kapturem? Odkryj najnowsze trendy i praktyczne porady,&#8230;<\/p>\n","protected":false},"author":1,"featured_media":1272,"comment_status":"open","ping_status":"open","sticky":false,"template":"","format":"standard","meta":{"_kadence_starter_templates_imported_post":false,"_kad_post_transparent":"","_kad_post_title":"","_kad_post_layout":"","_kad_post_sidebar_id":"","_kad_post_content_style":"","_kad_post_vertical_padding":"","_kad_post_feature":"","_kad_post_feature_position":"","_kad_post_header":false,"_kad_post_footer":false,"_kad_post_classname":"","footnotes":""},"categories":[26,1],"tags":[],"class_list":["post-1367","post","type-post","status-publish","format-standard","has-post-thumbnail","hentry","category-porady","category-szaliki"],"yoast_head":"<!-- This site is optimized with the Yoast SEO plugin v26.4 - https:\/\/yoast.com\/wordpress\/plugins\/seo\/ -->\n<title>Jak nosi\u0107 szalik do kurtki z kapturem? - Blog Versoli.pl<\/title>\n<meta name=\"robots\" content=\"index, follow, max-snippet:-1, max-image-preview:large, max-video-preview:-1\" \/>\n<link rel=\"canonical\" href=\"https:\/\/versoli.com\/blog\/pl\/jak-nosic-szalik-do-kurtki-z-kapturem\/\" \/>\n<meta property=\"og:locale\" content=\"pl_PL\" \/>\n<meta property=\"og:type\" content=\"article\" \/>\n<meta property=\"og:title\" content=\"Jak nosi\u0107 szalik do kurtki z kapturem? - Blog Versoli.pl\" \/>\n<meta property=\"og:description\" content=\"Zastanawiasz si\u0119, jak stylowo po\u0142\u0105czy\u0107 szalik z kurtk\u0105 z kapturem? Odkryj najnowsze trendy i praktyczne porady,...\" \/>\n<meta property=\"og:url\" content=\"https:\/\/versoli.com\/blog\/pl\/jak-nosic-szalik-do-kurtki-z-kapturem\/\" \/>\n<meta property=\"og:site_name\" content=\"Blog Versoli.pl\" \/>\n<meta property=\"article:published_time\" content=\"2024-09-14T19:18:48+00:00\" \/>\n<meta property=\"og:image\" content=\"https:\/\/versoli.com\/blog\/wp-content\/uploads\/2024\/09\/jak-nosic-szalik-do-kurtki-z-kapturem.jpg\" \/>\n\t<meta property=\"og:image:width\" content=\"1265\" \/>\n\t<meta property=\"og:image:height\" content=\"627\" \/>\n\t<meta property=\"og:image:type\" content=\"image\/jpeg\" \/>\n<meta name=\"author\" content=\"Versoli\" \/>\n<meta name=\"twitter:card\" content=\"summary_large_image\" \/>\n<meta name=\"twitter:label1\" content=\"Napisane przez\" \/>\n\t<meta name=\"twitter:data1\" content=\"Versoli\" \/>\n\t<meta name=\"twitter:label2\" content=\"Szacowany czas czytania\" \/>\n\t<meta name=\"twitter:data2\" content=\"5 minut\" \/>\n<script type=\"application\/ld+json\" class=\"yoast-schema-graph\">{\"@context\":\"https:\/\/schema.org\",\"@graph\":[{\"@type\":\"Article\",\"@id\":\"https:\/\/versoli.com\/blog\/pl\/jak-nosic-szalik-do-kurtki-z-kapturem\/#article\",\"isPartOf\":{\"@id\":\"https:\/\/versoli.com\/blog\/pl\/jak-nosic-szalik-do-kurtki-z-kapturem\/\"},\"author\":{\"name\":\"Versoli\",\"@id\":\"https:\/\/versoli.com\/blog\/#\/schema\/person\/d33ddc12aaf34ffa2d75a826ba38a2f4\"},\"headline\":\"Jak nosi\u0107 szalik do kurtki z kapturem?\",\"datePublished\":\"2024-09-14T19:18:48+00:00\",\"mainEntityOfPage\":{\"@id\":\"https:\/\/versoli.com\/blog\/pl\/jak-nosic-szalik-do-kurtki-z-kapturem\/\"},\"wordCount\":897,\"commentCount\":0,\"publisher\":{\"@id\":\"https:\/\/versoli.com\/blog\/#organization\"},\"image\":{\"@id\":\"https:\/\/versoli.com\/blog\/pl\/jak-nosic-szalik-do-kurtki-z-kapturem\/#primaryimage\"},\"thumbnailUrl\":\"https:\/\/versoli.com\/blog\/wp-content\/uploads\/2024\/09\/jak-nosic-szalik-do-kurtki-z-kapturem.jpg\",\"articleSection\":[\"Porady\",\"Szaliki\"],\"inLanguage\":\"pl-PL\",\"potentialAction\":[{\"@type\":\"CommentAction\",\"name\":\"Comment\",\"target\":[\"https:\/\/versoli.com\/blog\/pl\/jak-nosic-szalik-do-kurtki-z-kapturem\/#respond\"]}]},{\"@type\":\"WebPage\",\"@id\":\"https:\/\/versoli.com\/blog\/pl\/jak-nosic-szalik-do-kurtki-z-kapturem\/\",\"url\":\"https:\/\/versoli.com\/blog\/pl\/jak-nosic-szalik-do-kurtki-z-kapturem\/\",\"name\":\"Jak nosi\u0107 szalik do kurtki z kapturem? - Blog Versoli.pl\",\"isPartOf\":{\"@id\":\"https:\/\/versoli.com\/blog\/#website\"},\"primaryImageOfPage\":{\"@id\":\"https:\/\/versoli.com\/blog\/pl\/jak-nosic-szalik-do-kurtki-z-kapturem\/#primaryimage\"},\"image\":{\"@id\":\"https:\/\/versoli.com\/blog\/pl\/jak-nosic-szalik-do-kurtki-z-kapturem\/#primaryimage\"},\"thumbnailUrl\":\"https:\/\/versoli.com\/blog\/wp-content\/uploads\/2024\/09\/jak-nosic-szalik-do-kurtki-z-kapturem.jpg\",\"datePublished\":\"2024-09-14T19:18:48+00:00\",\"breadcrumb\":{\"@id\":\"https:\/\/versoli.com\/blog\/pl\/jak-nosic-szalik-do-kurtki-z-kapturem\/#breadcrumb\"},\"inLanguage\":\"pl-PL\",\"potentialAction\":[{\"@type\":\"ReadAction\",\"target\":[\"https:\/\/versoli.com\/blog\/pl\/jak-nosic-szalik-do-kurtki-z-kapturem\/\"]}]},{\"@type\":\"ImageObject\",\"inLanguage\":\"pl-PL\",\"@id\":\"https:\/\/versoli.com\/blog\/pl\/jak-nosic-szalik-do-kurtki-z-kapturem\/#primaryimage\",\"url\":\"https:\/\/versoli.com\/blog\/wp-content\/uploads\/2024\/09\/jak-nosic-szalik-do-kurtki-z-kapturem.jpg\",\"contentUrl\":\"https:\/\/versoli.com\/blog\/wp-content\/uploads\/2024\/09\/jak-nosic-szalik-do-kurtki-z-kapturem.jpg\",\"width\":1265,\"height\":627,\"caption\":\"Jak nosi\u0107 szalik do kurtki z kapturem\"},{\"@type\":\"BreadcrumbList\",\"@id\":\"https:\/\/versoli.com\/blog\/pl\/jak-nosic-szalik-do-kurtki-z-kapturem\/#breadcrumb\",\"itemListElement\":[{\"@type\":\"ListItem\",\"position\":1,\"name\":\"Strona g\u0142\u00f3wna\",\"item\":\"https:\/\/versoli.com\/blog\/\"},{\"@type\":\"ListItem\",\"position\":2,\"name\":\"Jak nosi\u0107 szalik do kurtki z kapturem?\"}]},{\"@type\":\"WebSite\",\"@id\":\"https:\/\/versoli.com\/blog\/#website\",\"url\":\"https:\/\/versoli.com\/blog\/\",\"name\":\"Blog Versoli.pl\",\"description\":\"\",\"publisher\":{\"@id\":\"https:\/\/versoli.com\/blog\/#organization\"},\"potentialAction\":[{\"@type\":\"SearchAction\",\"target\":{\"@type\":\"EntryPoint\",\"urlTemplate\":\"https:\/\/versoli.com\/blog\/?s={search_term_string}\"},\"query-input\":{\"@type\":\"PropertyValueSpecification\",\"valueRequired\":true,\"valueName\":\"search_term_string\"}}],\"inLanguage\":\"pl-PL\"},{\"@type\":\"Organization\",\"@id\":\"https:\/\/versoli.com\/blog\/#organization\",\"name\":\"Blog Versoli.pl\",\"url\":\"https:\/\/versoli.com\/blog\/\",\"logo\":{\"@type\":\"ImageObject\",\"inLanguage\":\"pl-PL\",\"@id\":\"https:\/\/versoli.com\/blog\/#\/schema\/logo\/image\/\",\"url\":\"https:\/\/versoli.com\/blog\/wp-content\/uploads\/2019\/12\/logo_versoli.jpg\",\"contentUrl\":\"https:\/\/versoli.com\/blog\/wp-content\/uploads\/2019\/12\/logo_versoli.jpg\",\"width\":158,\"height\":40,\"caption\":\"Blog Versoli.pl\"},\"image\":{\"@id\":\"https:\/\/versoli.com\/blog\/#\/schema\/logo\/image\/\"}},{\"@type\":\"Person\",\"@id\":\"https:\/\/versoli.com\/blog\/#\/schema\/person\/d33ddc12aaf34ffa2d75a826ba38a2f4\",\"name\":\"Versoli\",\"image\":{\"@type\":\"ImageObject\",\"inLanguage\":\"pl-PL\",\"@id\":\"https:\/\/versoli.com\/blog\/#\/schema\/person\/image\/\",\"url\":\"https:\/\/secure.gravatar.com\/avatar\/b85bf8e8305abe4939eca048ab3edfd4ad9a4442f41621c0bc9f7d71ba690174?s=96&d=mm&r=g\",\"contentUrl\":\"https:\/\/secure.gravatar.com\/avatar\/b85bf8e8305abe4939eca048ab3edfd4ad9a4442f41621c0bc9f7d71ba690174?s=96&d=mm&r=g\",\"caption\":\"Versoli\"}}]}<\/script>\n<!-- \/ Yoast SEO plugin. -->","yoast_head_json":{"title":"Jak nosi\u0107 szalik do kurtki z kapturem? - Blog Versoli.pl","robots":{"index":"index","follow":"follow","max-snippet":"max-snippet:-1","max-image-preview":"max-image-preview:large","max-video-preview":"max-video-preview:-1"},"canonical":"https:\/\/versoli.com\/blog\/pl\/jak-nosic-szalik-do-kurtki-z-kapturem\/","og_locale":"pl_PL","og_type":"article","og_title":"Jak nosi\u0107 szalik do kurtki z kapturem? - Blog Versoli.pl","og_description":"Zastanawiasz si\u0119, jak stylowo po\u0142\u0105czy\u0107 szalik z kurtk\u0105 z kapturem? Odkryj najnowsze trendy i praktyczne porady,...","og_url":"https:\/\/versoli.com\/blog\/pl\/jak-nosic-szalik-do-kurtki-z-kapturem\/","og_site_name":"Blog Versoli.pl","article_published_time":"2024-09-14T19:18:48+00:00","og_image":[{"width":1265,"height":627,"url":"https:\/\/versoli.com\/blog\/wp-content\/uploads\/2024\/09\/jak-nosic-szalik-do-kurtki-z-kapturem.jpg","type":"image\/jpeg"}],"author":"Versoli","twitter_card":"summary_large_image","twitter_misc":{"Napisane przez":"Versoli","Szacowany czas czytania":"5 minut"},"schema":{"@context":"https:\/\/schema.org","@graph":[{"@type":"Article","@id":"https:\/\/versoli.com\/blog\/pl\/jak-nosic-szalik-do-kurtki-z-kapturem\/#article","isPartOf":{"@id":"https:\/\/versoli.com\/blog\/pl\/jak-nosic-szalik-do-kurtki-z-kapturem\/"},"author":{"name":"Versoli","@id":"https:\/\/versoli.com\/blog\/#\/schema\/person\/d33ddc12aaf34ffa2d75a826ba38a2f4"},"headline":"Jak nosi\u0107 szalik do kurtki z kapturem?","datePublished":"2024-09-14T19:18:48+00:00","mainEntityOfPage":{"@id":"https:\/\/versoli.com\/blog\/pl\/jak-nosic-szalik-do-kurtki-z-kapturem\/"},"wordCount":897,"commentCount":0,"publisher":{"@id":"https:\/\/versoli.com\/blog\/#organization"},"image":{"@id":"https:\/\/versoli.com\/blog\/pl\/jak-nosic-szalik-do-kurtki-z-kapturem\/#primaryimage"},"thumbnailUrl":"https:\/\/versoli.com\/blog\/wp-content\/uploads\/2024\/09\/jak-nosic-szalik-do-kurtki-z-kapturem.jpg","articleSection":["Porady","Szaliki"],"inLanguage":"pl-PL","potentialAction":[{"@type":"CommentAction","name":"Comment","target":["https:\/\/versoli.com\/blog\/pl\/jak-nosic-szalik-do-kurtki-z-kapturem\/#respond"]}]},{"@type":"WebPage","@id":"https:\/\/versoli.com\/blog\/pl\/jak-nosic-szalik-do-kurtki-z-kapturem\/","url":"https:\/\/versoli.com\/blog\/pl\/jak-nosic-szalik-do-kurtki-z-kapturem\/","name":"Jak nosi\u0107 szalik do kurtki z kapturem? - Blog Versoli.pl","isPartOf":{"@id":"https:\/\/versoli.com\/blog\/#website"},"primaryImageOfPage":{"@id":"https:\/\/versoli.com\/blog\/pl\/jak-nosic-szalik-do-kurtki-z-kapturem\/#primaryimage"},"image":{"@id":"https:\/\/versoli.com\/blog\/pl\/jak-nosic-szalik-do-kurtki-z-kapturem\/#primaryimage"},"thumbnailUrl":"https:\/\/versoli.com\/blog\/wp-content\/uploads\/2024\/09\/jak-nosic-szalik-do-kurtki-z-kapturem.jpg","datePublished":"2024-09-14T19:18:48+00:00","breadcrumb":{"@id":"https:\/\/versoli.com\/blog\/pl\/jak-nosic-szalik-do-kurtki-z-kapturem\/#breadcrumb"},"inLanguage":"pl-PL","potentialAction":[{"@type":"ReadAction","target":["https:\/\/versoli.com\/blog\/pl\/jak-nosic-szalik-do-kurtki-z-kapturem\/"]}]},{"@type":"ImageObject","inLanguage":"pl-PL","@id":"https:\/\/versoli.com\/blog\/pl\/jak-nosic-szalik-do-kurtki-z-kapturem\/#primaryimage","url":"https:\/\/versoli.com\/blog\/wp-content\/uploads\/2024\/09\/jak-nosic-szalik-do-kurtki-z-kapturem.jpg","contentUrl":"https:\/\/versoli.com\/blog\/wp-content\/uploads\/2024\/09\/jak-nosic-szalik-do-kurtki-z-kapturem.jpg","width":1265,"height":627,"caption":"Jak nosi\u0107 szalik do kurtki z kapturem"},{"@type":"BreadcrumbList","@id":"https:\/\/versoli.com\/blog\/pl\/jak-nosic-szalik-do-kurtki-z-kapturem\/#breadcrumb","itemListElement":[{"@type":"ListItem","position":1,"name":"Strona g\u0142\u00f3wna","item":"https:\/\/versoli.com\/blog\/"},{"@type":"ListItem","position":2,"name":"Jak nosi\u0107 szalik do kurtki z kapturem?"}]},{"@type":"WebSite","@id":"https:\/\/versoli.com\/blog\/#website","url":"https:\/\/versoli.com\/blog\/","name":"Blog Versoli.pl","description":"","publisher":{"@id":"https:\/\/versoli.com\/blog\/#organization"},"potentialAction":[{"@type":"SearchAction","target":{"@type":"EntryPoint","urlTemplate":"https:\/\/versoli.com\/blog\/?s={search_term_string}"},"query-input":{"@type":"PropertyValueSpecification","valueRequired":true,"valueName":"search_term_string"}}],"inLanguage":"pl-PL"},{"@type":"Organization","@id":"https:\/\/versoli.com\/blog\/#organization","name":"Blog Versoli.pl","url":"https:\/\/versoli.com\/blog\/","logo":{"@type":"ImageObject","inLanguage":"pl-PL","@id":"https:\/\/versoli.com\/blog\/#\/schema\/logo\/image\/","url":"https:\/\/versoli.com\/blog\/wp-content\/uploads\/2019\/12\/logo_versoli.jpg","contentUrl":"https:\/\/versoli.com\/blog\/wp-content\/uploads\/2019\/12\/logo_versoli.jpg","width":158,"height":40,"caption":"Blog Versoli.pl"},"image":{"@id":"https:\/\/versoli.com\/blog\/#\/schema\/logo\/image\/"}},{"@type":"Person","@id":"https:\/\/versoli.com\/blog\/#\/schema\/person\/d33ddc12aaf34ffa2d75a826ba38a2f4","name":"Versoli","image":{"@type":"ImageObject","inLanguage":"pl-PL","@id":"https:\/\/versoli.com\/blog\/#\/schema\/person\/image\/","url":"https:\/\/secure.gravatar.com\/avatar\/b85bf8e8305abe4939eca048ab3edfd4ad9a4442f41621c0bc9f7d71ba690174?s=96&d=mm&r=g","contentUrl":"https:\/\/secure.gravatar.com\/avatar\/b85bf8e8305abe4939eca048ab3edfd4ad9a4442f41621c0bc9f7d71ba690174?s=96&d=mm&r=g","caption":"Versoli"}}]}},"_links":{"self":[{"href":"https:\/\/versoli.com\/blog\/wp-json\/wp\/v2\/posts\/1367","targetHints":{"allow":["GET"]}}],"collection":[{"href":"https:\/\/versoli.com\/blog\/wp-json\/wp\/v2\/posts"}],"about":[{"href":"https:\/\/versoli.com\/blog\/wp-json\/wp\/v2\/types\/post"}],"author":[{"embeddable":true,"href":"https:\/\/versoli.com\/blog\/wp-json\/wp\/v2\/users\/1"}],"replies":[{"embeddable":true,"href":"https:\/\/versoli.com\/blog\/wp-json\/wp\/v2\/comments?post=1367"}],"version-history":[{"count":1,"href":"https:\/\/versoli.com\/blog\/wp-json\/wp\/v2\/posts\/1367\/revisions"}],"predecessor-version":[{"id":1368,"href":"https:\/\/versoli.com\/blog\/wp-json\/wp\/v2\/posts\/1367\/revisions\/1368"}],"wp:featuredmedia":[{"embeddable":true,"href":"https:\/\/versoli.com\/blog\/wp-json\/wp\/v2\/media\/1272"}],"wp:attachment":[{"href":"https:\/\/versoli.com\/blog\/wp-json\/wp\/v2\/media?parent=1367"}],"wp:term":[{"taxonomy":"category","embeddable":true,"href":"https:\/\/versoli.com\/blog\/wp-json\/wp\/v2\/categories?post=1367"},{"taxonomy":"post_tag","embeddable":true,"href":"https:\/\/versoli.com\/blog\/wp-json\/wp\/v2\/tags?post=1367"}],"curies":[{"name":"wp","href":"https:\/\/api.w.org\/{rel}","templated":true}]}}